{"id":481,"date":"2013-05-01T01:49:42","date_gmt":"2013-04-30T23:49:42","guid":{"rendered":"https:\/\/finn-sorensen.dk\/?p=481"},"modified":"2021-10-17T13:43:35","modified_gmt":"2021-10-17T11:43:35","slug":"1-maj-et-noedraab-om-et-opraab","status":"publish","type":"post","link":"https:\/\/finn-sorensen.dk\/?p=481","title":{"rendered":"1. maj: Et n\u00f8dr\u00e5b om et opr\u00e5b"},"content":{"rendered":"<p><span><span>Finn S&oslash;rensen 1. maj tale 2013 :<\/span><\/span><\/p>\n<p>ET N&Oslash;DR&Aring;B OM ET OPR&Aring;B!<\/p>\n<p>Hej alle sammen. Det er dejligt at se jer, p&aring; denne smukke maj dag.<br \/>Tak fordi jeg m&aring; komme og sende jer en hilsen fra Enhedlisten.<br \/>Jeg har skrevet et par 1. maj taler i mit liv. Men denne har v&aelig;ret den sv&aelig;reste.<\/p>\n<p>Hvad t&aelig;nker manden p&aring;? Kommer han ikke fra et parti, der stormer frem, som kan diskutere s&aring; det fl&oslash;jter, men ogs&aring; samles om den politik der skal f&oslash;res? S&aring; hvor sv&aelig;rt kan det v&aelig;re?<\/p>\n<p>Det er s&aring; sv&aelig;rt som det kan blive!<\/p>\n<p>Sammen med tusinder og atter tusinder af v&aelig;lgere var vi begejstrede den 15. september 2011. Ikke kun over vores eget valg, men fordi det efter 10 &aring;rs nedsk&aelig;ringer og fremmedhad endelig lykkedes at f&aring; en ny regering.<\/p>\n<p>En regering, der gik til valg p&aring;, at velf&aelig;rd var vigtigere end skattelettelser, som skrev i sit grundlag, at den vil m&aring;les p&aring;, om den er i stand til at mindske ulighed og fattigdom.<\/p>\n<p>Det begyndte ogs&aring; rigtig godt.<br \/>&#8211; Vi afskaffede fattigdomsydelser<br \/>&#8211; Vi skabte rigtige job og gr&oslash;nne job, vi styrkede den gr&oslash;nne profil<br \/>&#8211; Vi s&oslash;rgede for at der blev h&oslash;jere til loftet i indvandrerdebatten.<br \/>&#8211; Vi fandt penge til kollektiv trafik<br \/>&#8211; Vi hjalp de mest udsatte med tandpleje og husleje<br \/>&#8211; Vi har styrket kampen mod l&oslash;ndumping.<br \/>&#8211; Og mange andre gode ting.<\/p>\n<p>S&aring; hvor sv&aelig;rt kan det v&aelig;re at v&aelig;re Enhedslisten? Det er s&aring; sv&aelig;rt som det kan blive.<\/p>\n<p>For der stod ogs&aring; andre ting i regeringsgrundlaget &ndash; at regeringen vil videref&oslash;re VK-regeringens &oslash;konomiske politik i bredeste forstand &ndash; det st&aring;r der faktisk.<\/p>\n<p>Jeg er n&oslash;dt til at sige det, som vi ser det: Det l&oslash;fte blev holdt, og mere til:<br \/>&#8211; I stedet for tryghed blev forringelser af dagpenge og efterl&oslash;n st&oslash;bt i beton<br \/>&#8211; I stedet for mere velf&aelig;rd blev der skattelettelser &#8211; st&oslash;rst til dem, der tjener mest, betalt af de arbejdsl&oslash;se, de studerende, de syge, mennesker med handicap<br \/>&#8211; Der kom en v&aelig;kstplan, ja &#8211; hvor f&aring; tusind job betales med mindre velf&aelig;rd, f&aelig;rre til at undervise, f&aelig;rre til at passe b&oslash;rn og gamle.<br \/>&#8211; Til sidst kom der et overgreb &ndash; p&aring; den frie forhandlingsret, p&aring; mennesker, der kun har et &oslash;nske &#8211; at g&oslash;re deres bedste for deres elever. Mennesker der k&aelig;mpede en fantastisk kamp mod en knusende overmagt.<br \/>&#8211; Til sidst kom der varsler om mere af det samme<\/p>\n<p>Stenen ruller ned ad bjerget igen og igen. Selv Sisyfos ville blive tr&aelig;t, helt ind til marv og ben.<\/p>\n<p>Vi bliver ikke tr&aelig;tte, i Enhedslisten, stol trygt p&aring; det, vi tager fat &#8211; igen og igen. Men stenen er for stor og for tung. Vi kan ikke l&oslash;fte den alene.<\/p>\n<p>Derfor har jeg kaldt min tale et n&oslash;dr&aring;b om et opr&aring;b. Et n&oslash;dr&aring;b til jer om at I r&aring;ber den regering op.<br \/>F&oslash;rend det er for sent. F&oslash;rend folk mister al tro p&aring; forandring. F&oslash;rend L&oslash;kke og Thulesen Dahl tager de sidste.<\/p>\n<p>Hvordan g&oslash;r vi det?<\/p>\n<p>Vi tager hinanden i h&aring;nden i fagforeningerne og i kommunerne, vi k&aelig;mper sammen, der hvor vi er, der hvor vi bor, p&aring; tv&aelig;rs af partier, fag, k&oslash;n, hudfarve &ndash; og alle de andre ting, der skiller.<\/p>\n<p><strong>F&oslash;rste kamp: Job og tryghed. <br \/><\/strong>Den 1. juli er pusterummet slut. S&aring; falder de p&aring; stribe. 13.000 er allerede faldet ud. 30.000 inden &aring;rets udgang. 12.000 &ndash; 14.000 mister al indt&aelig;gt. Det hjalp ikke at tage pengene fra dem. De fik ikke et job. Nu skal vi have en fuld og d&aelig;kkende l&oslash;sning.<\/p>\n<p>Vi kr&aelig;ver et m&oslash;de med regeringen nu og her. Enhedslisten foresl&aring;r:<br \/>&#8211; Nyttejob til alle der er faldet ud, med ordin&aelig;r l&oslash;n og optjening af dagpengeret<br \/>&#8211; Dagpengeregler som giver tryghed<\/p>\n<p>Vi st&aring;r ikke alene. HK vil samle 100.000 underskrifter. De p&aelig;ne mennesker &#8211; s&aring; er det virkelig alvor! <br \/>Flere og flere forbund g&aring;r med. Snart skal vi s&aelig;tte h&oslash;jere m&aring;l. Lad os hj&aelig;lpes om det, s&aring; Bjarne, Helle og Margrethe kan se, at nok er nok, og nu er det nu.<\/p>\n<p><strong>Anden kamp: Valg til kommuner og regioner<br \/><\/strong>Der er nok at sl&aring;s om i en valgkamp. Lad os finde det der samler. Lad os k&aelig;mpe for r&oslash;de kommuner, som t&oslash;r trodse spare-, kontrol- og kommandovejen. Lad os skabe kommuner og regioner, der bygger p&aring; tillid &ndash; tillid til dem der tr&aelig;kker l&aelig;sset, tillid til dem, som underviser, til dem der passer vores b&oslash;rn, syge og gamle. D&eacute;t skal blive moderne &ndash; og s&aring; er det effektivt!<\/p>\n<p>Lad os bruge den store magt, det giver, at v&aelig;re den st&oslash;rste indk&oslash;ber af varer og tjenesteydelser. Ingen kontrakt med private uden h&oslash;j kvalitet og gode l&oslash;n og arbejdsvilk&aring;r.<\/p>\n<p>Mange kommuner og regioner er i gang &#8211; flere kommer til i november!<\/p>\n<p><strong>Tredje kamp: En god finanslov<br \/><\/strong>Det bliver ikke nemt. <\/p>\n<p>Vi f&aring;r at vide, at vi er sure, at vi bare vil bruge penge, at vi ikke t&aelig;nker p&aring; konkurrenceevnen. <\/p>\n<p>Vi er ikke sure. Men det er rigtigt, at vi gerne vil bruge penge &#8211; p&aring; de arbejdsl&oslash;se, p&aring; de syge,&nbsp;p&aring; b&oslash;rnehaver, skoler og plejehjem. Men vi vil ikke bruge penge p&aring; million&aelig;rer og virksomheder der i forvejen har k&aelig;mpe overskud. Vi synes det er n&oslash;dvendigt, at de bredeste skuldre b&aelig;rer det tungeste l&aelig;s<\/p>\n<p>&nbsp;Vi synes ganske enkelt det er n&oslash;dvendigt at sk&aelig;re i velf&aelig;rd og tryghed. Det er&nbsp;heller ikke godt for konkurrenceevnen. Se jer omkring i Europa. Hvem har klaret sig bedst &#8211; jeg siger ikke godt, men bedst &#8211; under krisen? Det har lande som vores, med en stor offentlig sektor og f&aelig;lles velf&aelig;rd.<\/p>\n<p>Vi vil skabe rigtige job, ikke tomme tal i regneark. Vi vil bruge penge, der komme hurtigt ind igen &ndash; p&aring; gr&oslash;nne job, der sparer energi &#8211; til gavn for klimaet &ndash; og statskassen!<\/p>\n<p>Vi beder om jeres forslag, v&aelig;r med til at stille krav. Tag fat i jeres boligforening, den m&aring; ogs&aring; gerne mene noget! Tag fat i jeres boligforening. Den m&aring; ogs&aring; gerne mene noget!<\/p>\n<p>Vi lytter gerne. Vi siger ikke alt eller intet. Men kursen skal l&aelig;gges om, s&aring; er vi med!<\/p>\n<p>Og uden jer g&aring;r det ikke!<\/p>\n<p><strong>God 1. maj!&nbsp;<\/strong><\/p>\n","protected":false},"excerpt":{"rendered":"<p>Finn S&oslash;rensen 1. maj tale 2013 : ET N&Oslash;DR&Aring;B OM ET OPR&Aring;B! Hej alle sammen. Det er dejligt at se<\/p>\n","protected":false},"author":5,"featured_media":0,"comment_status":"closed","ping_status":"closed","sticky":false,"template":"","format":"standard","meta":{"footnotes":""},"categories":[2],"tags":[],"class_list":["post-481","post","type-post","status-publish","format-standard","hentry","category-arkiv"],"_links":{"self":[{"href":"https:\/\/finn-sorensen.dk\/index.php?rest_route=\/wp\/v2\/posts\/481","targetHints":{"allow":["GET"]}}],"collection":[{"href":"https:\/\/finn-sorensen.dk\/index.php?rest_route=\/wp\/v2\/posts"}],"about":[{"href":"https:\/\/finn-sorensen.dk\/index.php?rest_route=\/wp\/v2\/types\/post"}],"author":[{"embeddable":true,"href":"https:\/\/finn-sorensen.dk\/index.php?rest_route=\/wp\/v2\/users\/5"}],"replies":[{"embeddable":true,"href":"https:\/\/finn-sorensen.dk\/index.php?rest_route=%2Fwp%2Fv2%2Fcomments&post=481"}],"version-history":[{"count":1,"href":"https:\/\/finn-sorensen.dk\/index.php?rest_route=\/wp\/v2\/posts\/481\/revisions"}],"predecessor-version":[{"id":482,"href":"https:\/\/finn-sorensen.dk\/index.php?rest_route=\/wp\/v2\/posts\/481\/revisions\/482"}],"wp:attachment":[{"href":"https:\/\/finn-sorensen.dk\/index.php?rest_route=%2Fwp%2Fv2%2Fmedia&parent=481"}],"wp:term":[{"taxonomy":"category","embeddable":true,"href":"https:\/\/finn-sorensen.dk\/index.php?rest_route=%2Fwp%2Fv2%2Fcategories&post=481"},{"taxonomy":"post_tag","embeddable":true,"href":"https:\/\/finn-sorensen.dk\/index.php?rest_route=%2Fwp%2Fv2%2Ftags&post=481"}],"curies":[{"name":"wp","href":"https:\/\/api.w.org\/{rel}","templated":true}]}}