{"id":369,"date":"2014-06-10T23:21:53","date_gmt":"2014-06-10T21:21:53","guid":{"rendered":"https:\/\/finn-sorensen.dk\/?p=369"},"modified":"2021-10-17T13:43:25","modified_gmt":"2021-10-17T11:43:25","slug":"vi-skal-maales-paa-vores-loefter","status":"publish","type":"post","link":"https:\/\/finn-sorensen.dk\/?p=369","title":{"rendered":"Vi skal m\u00e5les p\u00e5 vores l\u00f8fter"},"content":{"rendered":"<p>10. juni var der afslutningsdebat i Folketinget. Her er min ordf&oslash;rertale. Se i &oslash;vrigt debatten <a href=\"http:\/\/www.ft.dk\/webtv\/video\/20131\/salen\/98.aspx?as=1\">her<\/a><\/p>\n<p><!--break--><\/p>\n<p>N&aring;r man h&oslash;rer p&aring; statsministeren, f&aring;r man det indtryk, at opsvinget er lige om hj&oslash;rnet.<\/p>\n<p>Fort&aelig;llingen er &aring;benbart, at nu begynder de mange h&aring;rde reformer at virke.<\/p>\n<p>Det er rigtigt at ledigheden falder. Det d&aelig;kker blandt andet over, at mange er faldet ud af dagpengesystemet og heller ikke f&aring;r andre ydelser.<\/p>\n<p>Men der er ikke klare tal, som viser, at besk&aelig;ftigelsen stiger, andre beregninger siger det modsatte.<\/p>\n<p>Det korte af det lange er, at besk&aelig;ftigelsen er mindre end f&oslash;r krisen, hvor vi mistede godt 150.000 arbejdspladser. Den er ogs&aring; mindre end i 2009, hvor krisen var sl&aring;et igennem.<\/p>\n<p>6 &aring;r med krisereformer har medf&oslash;rt mindre, ikke mere besk&aelig;ftigelse, og den seneste stigning i den private besk&aelig;ftigelse opvejer ikke de mange tusind offentligt ansatte, der er fyret.<\/p>\n<p>Det burde v&aelig;kke til eftertanke for en regering, der har begrundet alle sine reformer med, at de skaber arbejdspladser.<\/p>\n<p>M&aring;ske skulle man overveje, om det er den &oslash;konomiske politik, det er galt med.<\/p>\n<p>M&aring;ske man skulle overveje, om det var en fejl at binde sig til at videref&oslash;re VK-regeringens &oslash;konomiske politik i bredeste forstand, som der st&aring;r i regeringsgrundlaget.<\/p>\n<p>For det er jo en &oslash;konomisk politik, der bygger p&aring;, at skattelettelser til de h&oslash;jtl&oslash;nnede og de rige er vigtigere end velf&aelig;rd.<\/p>\n<p>Det er en politik der fedter for erhvervslivet med privatiseringer, med skatte- og afgiftslettelser og reformer som kan bidrage til at trykke l&oslash;nnen &#8211; alt sammen i h&aring;b om, at det f&aring;r erhvervslivet til at investere.<\/p>\n<p>Men det er kun et fromt h&aring;b. Der er ingen betingelser om jobskabelse, der er ingen krav om at pengene skal g&aring; til investeringer som gavner klima og milj&oslash;.<\/p>\n<p>Ikke s&aring; underligt, at det ikke virker efter hensigten.<\/p>\n<p>Skatte- og afgiftslettelserne bliver i stedet brugt til at udbetale st&oslash;rre udbytter til aktion&aelig;rerne, og resten er blevet sat i banken, med det resultat at der er et historisk h&oslash;jt opsparingsoverskud i det danske erhvervsliv.<\/p>\n<p>Og hvem betaler prisen for denne &oslash;konomiske politik?<\/p>\n<p>Det g&oslash;r tusindvis af arbejdsl&oslash;se og syge mennesker, der har f&aring;et sv&aelig;rere vilk&aring;r p&aring; grund af de mange reformer af dagpenge, efterl&oslash;n, f&oslash;rtidspension, fleksjob, kontanthj&aelig;lp og sygedagpenge, mennesker som har det sv&aelig;rt nok i forvejen.<\/p>\n<p>Det g&oslash;r b&oslash;rnene, som m&aring; klare sig som de kan, med stadigt f&aelig;rre p&aelig;dagoger.<\/p>\n<p>Det g&oslash;r skoleeleverne, der m&aring; klare sig som de kan med stressede l&aelig;rere, som oven i nedsk&aelig;ringerne ogs&aring; skal s&oslash;rge for inklusion af b&oslash;rn med s&aelig;rlige behov.<\/p>\n<p>Det g&oslash;r de &aelig;ldre der f&aring;r sk&aring;ret i hjemmehj&aelig;lpen, og det g&oslash;r mennesker med handicap, som i stigende grad f&aring;r afslag p&aring; hj&aelig;lp.<\/p>\n<p>Prisen betales ogs&aring; af de hundredtusinder p&aring; overf&oslash;rselsindkomster, som kan se frem til endnu d&aring;rligere regulering af deres i forvejen ringe indt&aelig;gtsgrundlag, fordi der skulle v&aelig;re r&aring;d til skattelettelser.<\/p>\n<p>De netop indg&aring;ede aftaler om kommunernes og regionernes &oslash;konomi giver ikke h&aring;b til alle disse mennesker, tv&aelig;rtimod.<\/p>\n<p>Det er nulv&aelig;kst-aftaler, der vil f&aring; de samme konsekvenser, som regeringen kritiserer Venstres nulv&aelig;kst for, nemlig yderligere nedsk&aelig;ringer i hjemmehj&aelig;lp, daginstitutioner, skoler og p&aring; sygehusene.<\/p>\n<p>Eller kan nogen forklare os den store forskel p&aring; Corydons nulv&aelig;kst, og Lars L&oslash;kkes? N&aelig;ppe.<\/p>\n<p>Situationen er desv&aelig;rre den, at det store flertal af folketingets partier &ndash; alle undtagen Enhedslisten &ndash; har bundet sig til denne s&aring;kaldt &#8220;ansvarlige&#8221; politik.<\/p>\n<p>De har frivilligt underkastet sig EU&acute;s nedsk&aelig;ringspolitik.<\/p>\n<p>De har udm&oslash;ntet den i et budgettyrranni over for kommuner og regioner, der s&aring; brutalt og rigidt, at selv de &oslash;konomiske vism&aelig;nd stiller sp&oslash;rgsm&aring;lstegn ved, om det ikke burde lempes en smule.<\/p>\n<p>Det er p&aring; h&oslash;je tid, at denne regering og det tidligere regeringsparti SF, der er bakker op om denne politik, forholder sig til de virkelige udfordringer, og samarbejder med Enhedslisten om at l&oslash;se dem.<\/p>\n<p>Vi er jo enige om, at &oslash;get besk&aelig;ftigelse og gr&oslash;n omstilling skal g&aring; h&aring;nd i h&aring;nd?<\/p>\n<p>Men hvorfor opretter vi s&aring; ikke den gr&oslash;nne omstillingsfond, som Enhedslisten har foresl&aring;et, og som kan sikre, at de nye arbejdspladser vi skaber, samtidig gavner klimaet og milj&oslash;et?<\/p>\n<p>I stedet l&aelig;gger regeringen op til en aftale om &#8220;v&aelig;kstplan&#8221; med de borgerlige partier, som &#8211; hvis det st&aring;r til dem &#8211; blot vil f&oslash;re til mere af det samme &ndash; bevidstl&oslash;se lempelser for erhvervslivet, uden kontante krav til mindre CO2 udledning.<\/p>\n<p>Vi er enige om, at vi i l&oslash;bet af f&aring; &aring;r kommer til at mangle mange tusinde fagl&aelig;rte, samtidig med at lige s&aring; mange tusinde ufagl&aelig;rte er blevet overfl&oslash;dige.<\/p>\n<p>Men hvorfor spilder besk&aelig;ftigelsesministeren s&aring; sin tid p&aring; forhandlinger med V og K &ndash; partier, der kr&aelig;ver at besparelserne p&aring; meningsl&oslash;s aktivering skal bruges p&aring; flere skattelettelser til erhvervslivet, partier, som klart melder ud, at de er modstandere af det helt n&oslash;dvendige uddannelsesl&oslash;ft?<\/p>\n<p>Hvorfor benytter ministeren sig ikke af det alternative flertal, der har tilbudt at hj&aelig;lpe hende med at realisere de positive hensigter, der er i hendes udm&aelig;rkede udspil til besk&aelig;ftigelsesreform.<\/p>\n<p>Vi er jo ogs&aring; enige om, at der skal skabes praktikpladser. Det er der h&aring;rdt brug for, der mangler flere praktikpladser i dag, end da regeringen tr&aring;dte til. Men hvorn&aring;r tager vi s&aring; de redskaber i brug som kan sikre det, for eks. et krav om at anvende sociale klausuler i offentlige udbud?<\/p>\n<p>Og vi er enige om at bek&aelig;mpe social dumping. Vi har lavet flere gode aftaler om det. Men det burde v&aelig;re klart for enhver, at det ikke er tilstr&aelig;kkeligt. Overalt i byggeri, transport, landbrug, reng&oslash;ring, hotel- og restauration bliver herboende arbejdskraft fyret, og erstattet af billig udenlandsk arbejdskraft.<\/p>\n<p>Det er ikke de udenlandske arbejdere, der er problemet. Det er de gr&aring;dige og skrupell&oslash;se arbejdsgivere og de EU-regler, der forhindrer os i at s&aelig;tte en effektiv stopper for denne politik.<\/p>\n<p>Desv&aelig;rre vil regeringen ikke v&aelig;re med til at tage kampen op imod EU-reglerne. Den vil &aring;benbart heller ikke leve op til l&oslash;fterne om, at EU aldrig kom til at blande sig i vores regler om velf&aelig;rdsydelser, selvom det et tydeligt, at EU-indblanding ogs&aring; p&aring; dette omr&aring;de fremmer social dumping.<\/p>\n<p>Men vi kan g&oslash;re mere alligevel. Vi er jo enige om, at der er brug for st&aelig;rkere myndighedskontrol, skrappere straffe til de virksomheder der bryder reglerne. Vi er enige om at vi skal have sikkerhedskort i byggeriet &ndash; jamen s&aring; lad os dog komme i gang.<\/p>\n<p>Og hvorfor skal det v&aelig;re s&aring; sv&aelig;rt at sl&aring; fast, at ALLE offentlige myndigheder, og ALLE virksomheder, hvor det offentlige har indflydelse, SKAL stille krav om ordentlige l&oslash;n og ans&aelig;ttelsesvilk&aring;r? Det burde v&aelig;re en selvf&oslash;lge, at skatteydernes penge ikke skal misbruges til at underst&oslash;tte social dumping.<\/p>\n<p>Vi m&aring; da i det mindste v&aelig;re enige om, under ingen omst&aelig;ndigheder at sv&aelig;kke p&aring; indsatsen. Det er helt uforst&aring;eligt at skatteministeren nu vil lempe reglerne for beskatning af vikarer &ndash; s&aring;kaldt &#8220;arbejdsudleje&#8221; &ndash; men meget forst&aring;eligt at fagbev&aelig;gelsen er helt oppe i det r&oslash;de felt i den anledning. De nuv&aelig;rende regler er et af de skarpeste v&aring;ben vi har i kampen mod social dumping, det kan simpelt hen ikke passe, at regeringen vil sv&aelig;kke det.<\/p>\n<p>Regeringen m&aring; i det hele taget forholde sig til konsekvenserne af de mange reformer, og erkende, at de tr&aelig;kker i den stik modsatte retning af m&aring;ls&aelig;tningen om at bek&aelig;mpe ulighed og fattigdom. Taget under &eacute;t, s&aring; &aring;bner reformerne vejen til en social katastrofe.<\/p>\n<p>34.000 mennesker mistede dagpengeretten i 2013. A-kassernes Samvirke sk&oslash;nner, at ca. 14.000 vil miste dagpengeretten hvert &aring;r fremover, og at ca. 20 % af dem, hverken har job eller offentlig ydelse. En klar falliterkl&aelig;ring for filosofien om, at hvis man tager pengene fra de arbejdsl&oslash;se, s&aring; finder de et job.<\/p>\n<p>Der er ingen forligsm&aelig;ssige bindinger som forhindrer forbedringer af dagpengereglerne. Hvorn&aring;r benytter regeringen sig af det flertal der byder sig til?<\/p>\n<p>Vi beh&oslash;ver ikke h&oslash;jpandede kommissioner for at finde p&aring; l&oslash;sninger, de ligger allerede p&aring; hylden: Vi kan halvere genoptjeningskravet, sikre at man optjener dagpengeret ved l&oslash;ntilskud, jobrotation og uddannelse.<\/p>\n<p>S&aring; hvad er regeringens svar til de mange der mister dagpengeretten?<\/p>\n<p>Og hvad er svaret til de mange tusind unge, som ikke kommer i uddannelse og i job, og som heller ikke bliver tilbudt hj&aelig;lp i form af ressourceforl&oslash;b og helhedsorienteret sagsbehandling?<\/p>\n<p>Hvad er svaret til de mange tusind, som bliver n&aelig;gtet f&oslash;rtidspension, selvom de ikke er raske nok til at fors&oslash;rge sig selv, eller som ikke kan finde et fleksjob.<\/p>\n<p>Hvad med de mange langtidssyge, der pr. 1. juli mister sygedagpengene 7 mdr. tidligere end i dag?<\/p>\n<p>Hvad med de mange, som f&aring;r halveret deres indt&aelig;gt eller bliver tvunget fra hinanden, som f&oslash;lge af den gensidige fors&oslash;rgerpligt? Og hvad med de b&oslash;rn, det g&aring;r ud over?<\/p>\n<p>Hvad skal der ske med alle disse mennesker. Skal de bare indstille sig p&aring; i &aring;revis at v&aelig;re parkeret p&aring; kontanthj&aelig;lp eller p&aring; ydelser der er lavere end regeringens egen fattigdomsgr&aelig;nse?<\/p>\n<p>Jeg tror ikke disse mennesker kan genkende statsministerens billede af at f&oslash;r &ndash; under Lars L&oslash;kke &#8211; havde familier det sv&aelig;rt, og usikkerheden var stor &#8220;s&aring;dan er det ikke mere&#8221; sagde Statsministeren.<\/p>\n<p>Hvorn&aring;r begynder regeringen at tage d&eacute;t alvorligt, som den selv har skrevet i regeringsgrundlaget &ndash; at den vil m&aring;les p&aring; at den er i stand til at mindske ulighed og fattigdom?<\/p>\n<p>En flot m&aring;ls&aelig;tning, som vi f&oslash;r har samarbejdet om.<\/p>\n<p>Vi har afskaffet nogle af fattigdomsydelserne, vi har givet bedre mulighed for tandl&aelig;ge- og huslejehj&aelig;lp til s&aelig;rligt udsatte.<\/p>\n<p>Vi har for nylig aftalt med besk&aelig;ftigelsesministeren, at fra 1. juni er det slut med at modregne efterbetaling af sociale ydelser i kontanthj&aelig;lpen.<\/p>\n<p>Det er vi glade for, men vi skal have meget mere af den slags, hvis vi skal rette op p&aring; de skader, der er sket.<\/p>\n<p>Derfor er vi ogs&aring; glade for det forslag til vedtagelse, vi stiller sammen med regeringspartierne og SF. Det l&aelig;gger jo netop op til at indfri den m&aring;ls&aelig;tning.<\/p>\n<p>Vi har endnu til gode at se det blive til virkelighed, men Enhedslisten vil i hvert fald g&oslash;re hvad vi kan, for at det sker.<\/p>\n<p>Der er kun et &aring;rs tid til at overbevise v&aelig;lgerne om, at der er forskel p&aring; r&oslash;d og bl&aring;.<\/p>\n<p>Der er kun et &aring;rs tid til at &aelig;ndre billedet af en regering, som opgav at k&aelig;mpe for det, den lovede v&aelig;lgerne &ndash; nemlig at velf&aelig;rd er vigtigere end skattelettelser.<\/p>\n<p>Det kan ikke nytte, at man venter til valget er udskrevet og siger, stem p&aring; os, vi har en god l&oslash;sning i morgen.<\/p>\n<p>Det handler om at genopbygge tillid, at begejstre og mobilisere.<\/p>\n<p>Man kan ikke vinde en valgkamp p&aring; andres fejl og mangler.<\/p>\n<p>Lad os nu komme i gang med at s&aelig;tte en anden kurs, en kurs der handler om lighed, solidaritet og gr&oslash;n omstilling. Enhedslisten er parat.<\/p>\n","protected":false},"excerpt":{"rendered":"<p>10. juni var der afslutningsdebat i Folketinget. Her er min ordf&oslash;rertale. Se i &oslash;vrigt debatten her N&aring;r man h&oslash;rer p&aring;<\/p>\n","protected":false},"author":5,"featured_media":0,"comment_status":"closed","ping_status":"closed","sticky":false,"template":"","format":"standard","meta":{"footnotes":""},"categories":[2],"tags":[],"class_list":["post-369","post","type-post","status-publish","format-standard","hentry","category-arkiv"],"_links":{"self":[{"href":"https:\/\/finn-sorensen.dk\/index.php?rest_route=\/wp\/v2\/posts\/369","targetHints":{"allow":["GET"]}}],"collection":[{"href":"https:\/\/finn-sorensen.dk\/index.php?rest_route=\/wp\/v2\/posts"}],"about":[{"href":"https:\/\/finn-sorensen.dk\/index.php?rest_route=\/wp\/v2\/types\/post"}],"author":[{"embeddable":true,"href":"https:\/\/finn-sorensen.dk\/index.php?rest_route=\/wp\/v2\/users\/5"}],"replies":[{"embeddable":true,"href":"https:\/\/finn-sorensen.dk\/index.php?rest_route=%2Fwp%2Fv2%2Fcomments&post=369"}],"version-history":[{"count":1,"href":"https:\/\/finn-sorensen.dk\/index.php?rest_route=\/wp\/v2\/posts\/369\/revisions"}],"predecessor-version":[{"id":370,"href":"https:\/\/finn-sorensen.dk\/index.php?rest_route=\/wp\/v2\/posts\/369\/revisions\/370"}],"wp:attachment":[{"href":"https:\/\/finn-sorensen.dk\/index.php?rest_route=%2Fwp%2Fv2%2Fmedia&parent=369"}],"wp:term":[{"taxonomy":"category","embeddable":true,"href":"https:\/\/finn-sorensen.dk\/index.php?rest_route=%2Fwp%2Fv2%2Fcategories&post=369"},{"taxonomy":"post_tag","embeddable":true,"href":"https:\/\/finn-sorensen.dk\/index.php?rest_route=%2Fwp%2Fv2%2Ftags&post=369"}],"curies":[{"name":"wp","href":"https:\/\/api.w.org\/{rel}","templated":true}]}}