{"id":341,"date":"2014-10-09T17:06:51","date_gmt":"2014-10-09T15:06:51","guid":{"rendered":"https:\/\/finn-sorensen.dk\/?p=341"},"modified":"2021-10-17T13:43:24","modified_gmt":"2021-10-17T11:43:24","slug":"vi-skal-vise-forskellen-paa-roed-og-blaa","status":"publish","type":"post","link":"https:\/\/finn-sorensen.dk\/?p=341","title":{"rendered":"Vi skal vise forskellen p\u00e5 r\u00f8d og bl\u00e5"},"content":{"rendered":"<p>Her er min&nbsp;tale ved Folketingets &aring;bningsdebat torsdag d. 9. oktober 2014. Den gav anledning til en byge af sp&oslash;rgsm&aring;l fra de borgerlige politikere. Man kan ogs&aring; se debatten p&aring; <a href=\"http:\/\/www.ft.dk\/webTV.aspx\">Folketingets TV<\/a>.&nbsp;&nbsp;<\/p>\n<p><!--break--><\/p>\n<p>&Aring;bningsdebatten i dag er ikke en hvilken som helst &aring;bningsdebat.<\/p>\n<p>Det er den sidste, inden vi skal st&aring; til regnskab over for v&aelig;lgerne.<\/p>\n<p>Derfor er det ogs&aring; ved at v&aelig;re sidste udkald for at vise, at der er forskel p&aring; r&oslash;d og bl&aring; i dansk politik.<\/p>\n<p>Mange er kommet i tvivl, om der er forskel.<\/p>\n<p>Det er desv&aelig;rre forst&aring;eligt &ndash; og vel ogs&aring; uundg&aring;eligt, n&aring;r regeringen selv har p&aring;taget sig, at videref&oslash;re VK-regeringens &oslash;konomiske politik.<\/p>\n<p>Men der er jo forskel, selvom den burde v&aelig;re langt st&oslash;rre, set fra Enhedslistens synspunkt.<\/p>\n<p>En Venstre-ledet regering ville aldrig have afskaffet fattigdomsydelser og indf&oslash;rt en fattigdomsgr&aelig;nse. Den tog ikke kampen op mod social dumping, den tog ikke skridt til gr&oslash;n omstilling, men styrkede den blinde v&aelig;kst.<\/p>\n<p>Som vi har f&aring;et bevist her i dag &ndash; Venstre har ingen plan &ndash; eller rettere, de vil ikke ud med den, for s&aring; bliver det tydeligt, at prisen er ringere velf&aelig;rd, mere brugerbetaling, flere arbejdsl&oslash;se, mere social dumping.<\/p>\n<p>For Venstre ved vi jo godt, hvor vi har.<\/p>\n<p>Altid forrest, n&aring;r der skal deles skattelettelser ud til de h&oslash;jtl&oslash;nnede og de rige<\/p>\n<p>Altid forrest, n&aring;r private virksomheder skal have bedre muligheder for at stikke snablen ned i statskassen.<\/p>\n<p>Altid forrest, n&aring;r der skal sk&aelig;res ned over for de arbejdsl&oslash;se og de syge, mennesker med handicap og flygtninge.<\/p>\n<p>Men aldrig forrest, n&aring;r det handler om at bek&aelig;mpe fattigdom<\/p>\n<p>Aldrig forrest n&aring;r det handler om at bek&aelig;mpe social dumping<\/p>\n<p>Ved vi ogs&aring; hvor vi har Dansk Folkeparti?<\/p>\n<p>De vil have en offentlig v&aelig;kst p&aring; 0,8 % &#8211; ros for det.<\/p>\n<p>De har nu at genoptjeningsperioden for dagpenge skal halveres &#8211; i hvert fald til dagpengekommissionen har talt. Ros for det.<\/p>\n<p>De vil gerne bruge flere penge p&aring; &aelig;ldrepleje. Ros for det.<\/p>\n<p>Vi bruger gerne deres stemmer til at skabe flertal for de ting.<\/p>\n<p>Det synes vi ogs&aring; regeringen skulle.<\/p>\n<p>Men det &aelig;ndrer ikke p&aring;, at vi jo godt ved, hvor vi har DF n&aring;r stemmerne talt op &ndash; som trofaste st&oslash;tter for Lars L&oslash;kke, der vil det stik modsatte.<\/p>\n<p>Og hvordan vil Dansk Folkeparti finansiere deres l&oslash;fter?<\/p>\n<p>Svaret bl&aelig;ser i vinden, bortset fra, at DF altid er parat til at lade de fattige ude i verden og herhjemme betale.<\/p>\n<p>Lad os bruge den sidste tid op til folketingsvalget, til at tydeligg&oslash;re forskellen p&aring; r&oslash;d og bl&aring;.<\/p>\n<p>Opskriften er ikke s&aring; sv&aelig;r.<\/p>\n<p>Vi m&aring; give konkrete svar p&aring; konkrete problemer.<\/p>\n<p>De arbejdsl&oslash;se har brug for job. S&aring; lad os da skaffe dem et job &ndash; ikke et regnestykke om arbejdsudbud.<\/p>\n<p>L&oslash;narbejderne har brug for gode l&oslash;n og arbejdsvilk&aring;r. Det skal de selv forhandle. Men vi skal give dem nogle bedre rammer, hvis vi mener noget med sk&aring;ltalerne for den danske model.<\/p>\n<p>Alle der er i arbejde, har brug for tryghed, hvis de bliver arbejdsl&oslash;se og syge.<\/p>\n<p>Den tryghed har de ikke i dag, med reformer af efterl&oslash;n, dagpenge, f&oslash;rtidspension, kontanthj&aelig;lp, sygedagpenge.<\/p>\n<p>Vi har alle brug for st&oslash;tte fra f&aelig;llesskabet i l&oslash;bet af vores liv. Vi har brug for et trygt velf&aelig;rdssamfund &ndash; b&oslash;rn,unge, gamle.<\/p>\n<p>Det skal vi &ndash; folketinget &ndash; sikre.<\/p>\n<p>Hvordan synes vi selv det g&aring;r?<\/p>\n<p>Nogle herinde mener nok, det g&aring;r godt &#8211; eller i hvert fald bedre.<\/p>\n<p>Sp&oslash;rg befolkningen &ndash; det er ikke den udbredte mening.<\/p>\n<p>Flere og flere kender en arbejdsl&oslash;s, der ikke kan f&aring; &oslash;konomien til at h&aelig;nge sammen.<\/p>\n<p>Flere og flere kender en langtidssyg, der mister sine sygedagpenge.<\/p>\n<p>Flere og flere kan se konsekvenserne af mange &aring;rs skattelettelser og budgettyrrani over for kommunerne:<\/p>\n<p>&#8211; &AElig;ldre p&aring; plejehjem, der ikke bliver skiftet, &aelig;ldre, som spises af med en ugegammel madpakke.<\/p>\n<p>&#8211; B&oslash;rn, i overfyldte institutioner.<\/p>\n<p>&#8211; Mennesker med handicap, der bliver frataget hj&aelig;lpemidler og ledsager.<\/p>\n<p>&#8211; Elever der uds&aelig;ttes for stressede l&aelig;rere.<\/p>\n<p>&#8211; Eller sp&oslash;rg for eks. de uddannelsess&oslash;gende, der demonstrerer i dag, om de er tilfredse med evindelige nedsk&aelig;ringer og de manglende praktikpladser.<\/p>\n<p>Hvor ringe kan det blive?<\/p>\n<p>Hvorn&aring;r siger vi stop &ndash; vi, som har det endelige ansvar?<\/p>\n<p>Hvorn&aring;r prioriterer vi velf&aelig;rd frem for skattelettelser &#8211; s&aring;dan som nogle af os i f&aelig;llesskab lovede f&oslash;r valget?<\/p>\n<p>Og hvorn&aring;r tager vi fra Folketingets side ansvar for, at vi har en klode at leve p&aring; i fremtiden?<\/p>\n<p>Hvis alle p&aring; kloden gjorde som os, s&aring; skulle vi bruge mange flere kloder.<\/p>\n<p>Det g&aring;r bare ikke!<\/p>\n<p>Der skal en gennemgribende omstilling af hele &oslash;konomien til, en gr&oslash;n omstilling.<\/p>\n<p>Vi bliver n&oslash;dt til at bygge vores samfund og vores udvikling p&aring; andre principper end blind v&aelig;kst. Og vi bliver n&oslash;dt til at begynde nu.<\/p>\n<p>Det er den vej vi skal, hvis vi skal vise, at der er forskel p&aring; r&oslash;d og bl&aring;.<\/p>\n<p>Finansloven er et godt sted at starte, et godt sted at skabe h&aring;b, hos de v&aelig;lgere, der skaffede et nyt flertal ved sidste valg &ndash; i h&aring;b om en anden politik.<\/p>\n<p>I Enhedslisten har vi spillet ud med fire temaer.<\/p>\n<p>&#8211; St&oslash;rre tryghed for l&oslash;nmodtagerne. Blandt andet ved at halvere genoptjeningsperioden for dagpenge. Og ved at annullere den gensidige fors&oslash;rgerpligt for arbejdsl&oslash;se p&aring; kontanthj&aelig;lp.<\/p>\n<p>&#8211; Genopretning af velf&aelig;rden. Vi skal blandt andet have bedre &aelig;ldrepleje, og vores b&oslash;rn skal have bedre pasning.<\/p>\n<p>&#8211; L&oslash;nmodtagerne skal st&aring; st&aelig;rkere, gennem en styrket indsats mod social dumping. Vi skal have lovgivning om k&aelig;deansvar, og obligatoriske arbejdsklausuler i alle offentlige kontrakter, bedre lovgivning om virksomhedsoverdragelse.<\/p>\n<p>&#8211; Gr&oslash;n omstilling. Enhedslisten vil st&oslash;tte den vedvarende energi massivt, og presse p&aring; for at omstille landbruget til &oslash;kologi. Det er der mange gode job i.<\/p>\n<p>Vi kommer ikke med ultimative krav.<\/p>\n<p>Den slags overlader vi til andre.<\/p>\n<p>Men tilfredsstillende resultater p&aring; de her omr&aring;der er n&oslash;glen til en finanslovsaftale med Enhedslisten.<\/p>\n<p>&#8211; o &#8211;<\/p>\n<p>Det er meget vigtige temaer, der skal tages h&aring;nd om nu.<\/p>\n<p>Men i de her dage er det ogs&aring; aldeles p&aring;tr&aelig;ngende at sp&oslash;rge, hvordan vi selv synes det g&aring;r med at tage ansvar for verden omkring os.<\/p>\n<p>Der var engang vi var stolte af at komme fra Danmark.<\/p>\n<p>Vi blev opfattet som et foregangsland, i kampen for fred og solidaritet.<\/p>\n<p>Og vi var med blandt de f&oslash;rste til at hj&aelig;lpe flygtninge og fattige folk i verden.<\/p>\n<p>S&aring;dan er det ikke mere.<\/p>\n<p>Nu er vi blandt de f&oslash;rste p&aring; vingerne, blandt de f&oslash;rste til at smide bomberne.<\/p>\n<p>Hvorn&aring;r f&aring;r vi en &aring;ben diskussion om erfaringer og konsekvenser?<\/p>\n<p>Hvorn&aring;r forholder vi os til erfaringerne fra tre krige, som er, at vi efterlod et kaos, der var st&oslash;rre, end da vi startede, som er, at terrorisme, religi&oslash;s fanatisme og had mod os i Vesten kun har f&aring;et ny n&aelig;ring?<\/p>\n<p>Omkostningerne har v&aelig;ret skr&aelig;mmende. Hundredtusindvis af dr&aelig;bte soldater og civile og massive flygtningestr&oslash;mme.<\/p>\n<p>Alene det, burde forpligte os til en bred folkelig debat om m&aring;l og midler<\/p>\n<p>Enhedslisten vil, at Danmark igen bliver foregangsland.<\/p>\n<p>Vi vil igen v&aelig;re kendt for at s&aelig;tte fredelige l&oslash;sninger &oslash;verst, for at hj&aelig;lpe mennesker i n&oslash;d &ndash; ikke kun der hvor de bor, men ogs&aring; ved at give dem husly, n&aring;r de er p&aring; flugt.<\/p>\n<p>Det g&oslash;r Danmark heldigvis stadig.<\/p>\n<p>Men hvad er vores aktuelle svar til mennesker der er p&aring; flugt fra Assads terrorregime og ISIL&acute;s fascistiske overgreb?<\/p>\n<p>Skal vores svar virkelig v&aelig;re, at de ikke kan f&aring; deres &aelig;gtef&aelig;lle og deres b&oslash;rn med herop, men m&aring; leve i stadig uvished om deres sk&aelig;bne?<\/p>\n<p>Det kan ikke v&aelig;re rigtigt, at Danmark skal synke s&aring; dybt.<\/p>\n<p>Vi opfordrer indtr&aelig;ngende regeringen til at &aelig;ndre holdning i den sag.<\/p>\n<p>Det er godt at Danmark hj&aelig;lper kurderne i Nordirak med humanit&aelig;r hj&aelig;lp og v&aring;ben.<\/p>\n<p>Men det er simpelt hen ub&aelig;rligt, at se Kobanes indbyggere blive massakreret af ISIL, mens Danmarks NATO-allierede Tyrkiet l&aelig;gger armene over kors og ser den anden vej.<\/p>\n<p>Jeg vil indtr&aelig;ngende opfordre regeringen til at straks at f&oslash;lge Enhedslistens forslag, s&aring; vi kan udvide den humanit&aelig;re og v&aring;benm&aelig;ssige st&oslash;tte til ogs&aring; at g&aelig;lde kurderne i det nordlige Syrien, der k&aelig;mper en ensom og desperat kamp mod IS.<\/p>\n<p>&#8211; o &#8211;<\/p>\n<p>Der er brug for, at vi tager ansvar for verden omkring os<\/p>\n<p>Der brug for, at vi bidrager med mere solidaritet og hj&aelig;lp der virker, til verden omkring os.<\/p>\n<p>Der er brug for, at vi skubber p&aring; den gr&oslash;nne omstilling, s&aring; vi har en beboelig klode &ndash; ogs&aring; ud over vores egen levetid.<\/p>\n<p>Og der er brug for, at vi styrker f&aelig;llesskabet . Et f&aelig;llesskab med et velfungerende arbejdsmarked, et trygt socialt sikkerhedsnet og velf&aelig;rd for alle, ikke kun for dem, som har r&aring;d.<\/p>\n","protected":false},"excerpt":{"rendered":"<p>Her er min&nbsp;tale ved Folketingets &aring;bningsdebat torsdag d. 9. oktober 2014. Den gav anledning til en byge af sp&oslash;rgsm&aring;l fra<\/p>\n","protected":false},"author":5,"featured_media":0,"comment_status":"closed","ping_status":"closed","sticky":false,"template":"","format":"standard","meta":{"footnotes":""},"categories":[2],"tags":[],"class_list":["post-341","post","type-post","status-publish","format-standard","hentry","category-arkiv"],"_links":{"self":[{"href":"https:\/\/finn-sorensen.dk\/index.php?rest_route=\/wp\/v2\/posts\/341","targetHints":{"allow":["GET"]}}],"collection":[{"href":"https:\/\/finn-sorensen.dk\/index.php?rest_route=\/wp\/v2\/posts"}],"about":[{"href":"https:\/\/finn-sorensen.dk\/index.php?rest_route=\/wp\/v2\/types\/post"}],"author":[{"embeddable":true,"href":"https:\/\/finn-sorensen.dk\/index.php?rest_route=\/wp\/v2\/users\/5"}],"replies":[{"embeddable":true,"href":"https:\/\/finn-sorensen.dk\/index.php?rest_route=%2Fwp%2Fv2%2Fcomments&post=341"}],"version-history":[{"count":1,"href":"https:\/\/finn-sorensen.dk\/index.php?rest_route=\/wp\/v2\/posts\/341\/revisions"}],"predecessor-version":[{"id":342,"href":"https:\/\/finn-sorensen.dk\/index.php?rest_route=\/wp\/v2\/posts\/341\/revisions\/342"}],"wp:attachment":[{"href":"https:\/\/finn-sorensen.dk\/index.php?rest_route=%2Fwp%2Fv2%2Fmedia&parent=341"}],"wp:term":[{"taxonomy":"category","embeddable":true,"href":"https:\/\/finn-sorensen.dk\/index.php?rest_route=%2Fwp%2Fv2%2Fcategories&post=341"},{"taxonomy":"post_tag","embeddable":true,"href":"https:\/\/finn-sorensen.dk\/index.php?rest_route=%2Fwp%2Fv2%2Ftags&post=341"}],"curies":[{"name":"wp","href":"https:\/\/api.w.org\/{rel}","templated":true}]}}