{"id":330,"date":"2014-11-20T20:27:24","date_gmt":"2014-11-20T19:27:24","guid":{"rendered":"https:\/\/finn-sorensen.dk\/?p=330"},"modified":"2021-10-17T13:43:23","modified_gmt":"2021-10-17T11:43:23","slug":"boern-har-ret-til-livet-ogsaa-i-palaestina","status":"publish","type":"post","link":"https:\/\/finn-sorensen.dk\/?p=330","title":{"rendered":"B\u00f8rn har ret til livet &#8211; ogs\u00e5 i Pal\u00e6stina"},"content":{"rendered":"<p>Den 20. november var det 25. &aring;rs dagen for FN&acute;s b&oslash;rnekonvention. I den anledning af holdt&nbsp;Human Rights Watch et arrangement ved Ankeret i Nyhavn, hvor de satte fokus p&aring; b&oslash;rnenes situation i Pal&aelig;stina. Her er min tale ved arrangementet.<\/p>\n<p><!--break--><\/p>\n<p>En stor tak til arrang&oslash;rerne for at afholde dette arrangement, og tak fordi jeg p&aring; Enhedslistens vegne kan f&aring; lov at bidrage til markeringen.<\/p>\n<p>Det er en god dag, hvor vi kan fejre 25 &aring;ret for FN&acute;s konvention om b&oslash;rns rettigheder.<\/p>\n<p>Der er ingen tvivl om, at vedtagelsen af FN&acute;s b&oslash;rnekonvention har haft stor betydning.<\/p>\n<p>Det er den FN-konvention, som flest lande i verden har tilsluttet sig, og den indeholder flere rettigheder end nogen anden menneskerettighedskonvention.<\/p>\n<p>Den rummer b&aring;de civile, &oslash;konomiske, kulturelle og sociale rettigheder ind &ndash; og de g&aelig;lder alle b&aring;de i freds- og i krigstid.<\/p>\n<p>I Danmark kan vi sikkert p&aring; mange m&aring;der rose os af, at have fokus p&aring; b&oslash;rns rettigheder.<\/p>\n<p>Men der er god plads til forbedringer.<\/p>\n<p>23 &aring;r efter, at Danmark ratificerede konventionen, har vi stadig ikke indarbejdet den i dansk lovgivning.<\/p>\n<p>Vi venter i sp&aelig;nding p&aring; regeringens indstilling.<\/p>\n<p>Vi h&aring;ber, det bliver en klar indstilling om, at konventionen skal oph&oslash;jes til lov.<\/p>\n<p>Det handler om at sikre b&oslash;rnenes rettigheder, og deres klagemuligheder.<\/p>\n<p>Det handler om, at have fokus p&aring; b&oslash;rns rettigheder i alt lovgivningsarbejde og i al sagsbehandling.<\/p>\n<p>Hvis alle lovforslag skal underkastes en ligestilingsvurdering &ndash; hvorfor s&aring; ikke ogs&aring; en vurdering af, om det styrker b&oslash;rns rettigheder.<\/p>\n<p>Hvis b&oslash;rns rettigheder havde v&aelig;ret sikret ved lov, s&aring; ville der have v&aelig;ret langt mere fokus p&aring; de mange overgreb og seksuelle kr&aelig;nkelser der sker over for b&oslash;rn i vores samfund, de mange fejl, der findes i kommunernes sagsbehandling. S&aring; havde vi forh&aring;bentlig undg&aring;et nogle af sagerne, eller i hvert fald ryddet langt hurtigere op.<\/p>\n<p>VK og DF havde nok ogs&aring; t&oslash;vet en ekstra gang med at s&aelig;nke den kriminielle lavalder, ligesom den nuv&aelig;rende regering m&aring;ske havde t&oslash;vet en ekstra gang med de stramninger den l&aelig;gger op til i forhold til flygtninges ret til familiesammenf&oslash;ring.<\/p>\n<p>Der er plads til forbedringer herhjemme.<\/p>\n<p>Det er der sandelig ogs&aring; ude i verden, hvor b&oslash;rns rettigheder trues af krig, hungersn&oslash;d, milit&aelig;rdiktatur, korruption og menneskehandel.<\/p>\n<p>Derfor handler det ogs&aring; om, at vi skal kunne tale med den forn&oslash;dne v&aelig;gt over for de mange lande i verden, hvor det st&aring;r rigtig slemt til med b&oslash;rns rettigheder.<\/p>\n<p>Det er nu engang sv&aelig;rt at tale med store bogstaver, n&aring;r vi ikke selv g&aring;r forrest med at sikre rettighederne.<\/p>\n<p>Pal&aelig;stina er et af de steder, hvor der virkelig er grund til at tale med store bogstaver.<\/p>\n<p>Her kr&aelig;nker den israelske bes&aelig;ttelsesmagt dagligt b&oslash;rns rettigheder.<\/p>\n<p>Hundredevis af pal&aelig;stinensiske b&oslash;rn f&aelig;ngsles hvert &aring;r i kortere eller l&aelig;ngere tid. En rapport fra Red Barnet viser, at b&oslash;rn helt ned til 12-&aring;rs alderen kommer for en milit&aelig;r domstol &ndash; ofte er de blot mist&aelig;nkt for at kaste med sten.<\/p>\n<p>En FN-rapport fra 2013 underst&oslash;tter de mange anklager mod Israel p&aring; det omr&aring;de.<\/p>\n<p>FN-komit&eacute;en for B&oslash;rns Rettigheder udtrykte i 2013 &#8220;dyb bekymring&#8221; over det, den kald&shy;er for israelsk praksis med tortur og d&aring;rlig behandling af pal&aelig;stinensiske b&oslash;rn, der anholdes, retsforf&oslash;lges og tilbageholdes af milit&aelig;r og politi.<\/p>\n<p>Komiteen mener, at b&oslash;rnene ofte uds&aelig;ttes for tortur og tvinges til at underskrive tilst&aring;elser de ikke forst&aring;r.<\/p>\n<p>Komiteen kritiserer, at israelerne ogs&aring; bruger b&oslash;rnene som v&aring;benskjold.<\/p>\n<p>Man beh&oslash;ver ikke v&aelig;re psykolog for at vide, at det betyder en traumatisk opv&aelig;kst for store dele af den pal&aelig;stinensiske ungdom, hvad enten de selv har v&aelig;ret udsat for den behandling, eller de blot lever i frygten for at blive det.<\/p>\n<p>Og s&aring; er det jo n&aelig;sten for ingen ting at regne, sammenlignet med den opv&aelig;kst b&oslash;rn i Gaza har v&aelig;ret udsat for gennem de sidste otte &aring;r, hvor de har v&aelig;ret udsat for hele fire massive milit&aelig;re angreb fra Israel.<\/p>\n<p>Det seneste angreb i sommers kostede mere end 500 b&oslash;rn livet.<\/p>\n<p>Hvordan mon det er at vokse op i et f&aelig;ngsel, som bliver bombarderet og beskudt &ndash; vel at m&aelig;rke, et f&aelig;ngsel man ikke kan flygte fra?<\/p>\n<p>Men hvor g&aring;r vejen til fred, s&aring; skaderne p&aring; mennesker og bygninger kan repareres og b&oslash;rn i Pal&aelig;stina kan f&aring; en tryg opv&aelig;kst.<\/p>\n<p>Verdenssamfundet har for l&aelig;ngst peget p&aring;, hvor vejen g&aring;r.<\/p>\n<p>Israel skal respektere de mange FN-resolutioner, der sl&aring;r fast, at de skal tr&aelig;kke sig tilbage til gr&aelig;nserne f&oslash;r 1967-krigen, nedl&aelig;gge bos&aelig;ttelserne, respektere flygtningenes ret til at vende tilbage, acceptere en deling af Jerusalem og anerkende en pal&aelig;stinensisk stat.<\/p>\n<p>Det har indtil nu v&aelig;ret blokeret f&oslash;rst og fremmest af USA, der bakker op om den israelske bes&aelig;ttelse, og underst&oslash;tter Israel &oslash;konomisk og milit&aelig;rt.<\/p>\n<p>Men i praksis har det ogs&aring; v&aelig;ret &ndash; og bliver stadig blokeret &ndash; af et EU, der h&aelig;ver stemmen over for Israel, men som samtidig begunstiger Israel &oslash;konomisk og handelsm&aelig;ssigt.<\/p>\n<p>Heldigvis er der flere og flere lande i den vestlige verden, der mister t&aring;lmodigheden, og kr&aelig;ver et stop for Israels overgreb.<\/p>\n<p>Det udm&oslash;nter sig i en stigende opbakning til kravet om anerkendelse af Pal&aelig;stina. Island har for l&aelig;ngst gjort det. Sverige g&oslash;r det. De engelske, irske og spanske parlamenter opfordrer til, at deres lande f&oslash;lger trop. En lignende afstemning er p&aring; vej i det franske parlament.<\/p>\n<p>Enhedslisten har sammen med de andre venstresocialistiske og gr&oslash;nne partier fremsat forslaget om anerkendelse af Pal&aelig;stina i Nordisk R&aring;d.<\/p>\n<p>Kravet er s&aring; vigtigt, fordi det er det tydeligste politiske signal der kan gives om, at nu m&aring; Israels brud p&aring; international lovgivning h&oslash;re op.<\/p>\n<p>Derfor opfordrer vi endnu engang den danske regering til at vise mod og mandshjerte.<\/p>\n<p>Det duer ikke gang p&aring; gang at henvise til at &#8220;timingen&#8221; skal v&aelig;re i orden, og at vi skal vente p&aring; at alle EU-lande er med. Det er at give vetoret til fodsl&aelig;berne og bagstr&aelig;berne.<\/p>\n<p>Man kan ogs&aring; vente s&aring; l&aelig;nge p&aring; den rette timing, at det bliver for sent.<\/p>\n<p>Den aktuelle situation i Jerusalem, og Israels vedholdende udbygning af bos&aelig;ttelser viser, at det er t&aelig;t p&aring;, at det er for sent.<\/p>\n<p>S&aring; k&aelig;re Martin Lidegaard: Vis dig nu som en &aelig;gte humanist. Vis at du har mod og mandshjerte til at g&aring; forrest i en sag, som jeg ved, at du personligt, og mange i dit parti br&aelig;nder for.<\/p>\n<p>Til slut vil jeg henvende mig til dem, som ikke er til stede her i dag.<\/p>\n<p>Til den israelske regering vil jeg sige: Tag nu bestik af situationen. Opbakningen til jeres politik smuldrer hos jeres vigtige bagland i vesteuropa. Man kan godt fors&oslash;ge at dreje historiens hjul bagl&aelig;ns. Det er der er mange der har pr&oslash;vet, men de er alle blevet k&oslash;rt over.<\/p>\n<p>Det kommer ogs&aring; til at ske for jer, hvis I ikke vil tilst&aring; pal&aelig;stinenserne er &aelig;refuld fred, og et v&aelig;rdigt liv. Ikke i den forstand, at pal&aelig;stinenserne vil besejre jer milit&aelig;rt. Det vil aldrig ske, og de kr&aelig;fter i det pal&aelig;stinensiske folk der tror, at det er en mulighed, beg&aring;r en frygtelig fejltagelse. Men det vil ske, fordi jeres stat bygger p&aring; frygt og had og undertrykkelse, og den slags stater holder ikke i det lange l&oslash;b.<\/p>\n<p>Til de mange israelere, der af fast overbevisning, eller frygt for alternativet bakker op om deres regering, til dem der af &aelig;rlig overbevisning tror p&aring;, at de tilh&oslash;rer guds udvalgte folk, og at de fik landet for&aelig;rende i d&aring;bsgave, vil jeg sige:<\/p>\n<p>Jeg anf&aelig;gter ikke jeres ret til at mene og tro som I g&oslash;r.<\/p>\n<p>Jeg anerkender jeres frygt for at jeres b&oslash;rn skal blive ramt af terrorangreb, der ikke kan ford&oslash;mmes nok.<\/p>\n<p>Men jeg vil opfordre jer til at t&aelig;nke over, hvad det er for en barndom I giver jeres egne b&oslash;rn.<\/p>\n<p>En barndom der p&aring; sin m&aring;de ogs&aring; er pr&aelig;get af frygt, og ikke mindst af had til andre b&oslash;rn, til pal&aelig;stinensiske b&oslash;rn i Israel og i Pal&aelig;stina.<\/p>\n<p>Er det en v&aelig;rdig opv&aelig;kst, I giver jeres b&oslash;rn.<\/p>\n<p>Er det i overensstemmelse med de rettigheder, som vi i f&aelig;llesskab har anerkendt alene i kraft af vores medlemskab af FN?<\/p>\n<p>Jeg vil indtr&aelig;ngende opfordre jer til at t&aelig;nke over den gamle sandhed, at et folk der undertrykker et andet folk, kan ikke v&aelig;re frit.<\/p>\n<p>Jeg h&aring;ber, I g&oslash;r det, f&oslash;r det er for sent.<\/p>\n","protected":false},"excerpt":{"rendered":"<p>Den 20. november var det 25. &aring;rs dagen for FN&acute;s b&oslash;rnekonvention. I den anledning af holdt&nbsp;Human Rights Watch et arrangement<\/p>\n","protected":false},"author":5,"featured_media":0,"comment_status":"closed","ping_status":"closed","sticky":false,"template":"","format":"standard","meta":{"footnotes":""},"categories":[2],"tags":[],"class_list":["post-330","post","type-post","status-publish","format-standard","hentry","category-arkiv"],"_links":{"self":[{"href":"https:\/\/finn-sorensen.dk\/index.php?rest_route=\/wp\/v2\/posts\/330","targetHints":{"allow":["GET"]}}],"collection":[{"href":"https:\/\/finn-sorensen.dk\/index.php?rest_route=\/wp\/v2\/posts"}],"about":[{"href":"https:\/\/finn-sorensen.dk\/index.php?rest_route=\/wp\/v2\/types\/post"}],"author":[{"embeddable":true,"href":"https:\/\/finn-sorensen.dk\/index.php?rest_route=\/wp\/v2\/users\/5"}],"replies":[{"embeddable":true,"href":"https:\/\/finn-sorensen.dk\/index.php?rest_route=%2Fwp%2Fv2%2Fcomments&post=330"}],"version-history":[{"count":1,"href":"https:\/\/finn-sorensen.dk\/index.php?rest_route=\/wp\/v2\/posts\/330\/revisions"}],"predecessor-version":[{"id":331,"href":"https:\/\/finn-sorensen.dk\/index.php?rest_route=\/wp\/v2\/posts\/330\/revisions\/331"}],"wp:attachment":[{"href":"https:\/\/finn-sorensen.dk\/index.php?rest_route=%2Fwp%2Fv2%2Fmedia&parent=330"}],"wp:term":[{"taxonomy":"category","embeddable":true,"href":"https:\/\/finn-sorensen.dk\/index.php?rest_route=%2Fwp%2Fv2%2Fcategories&post=330"},{"taxonomy":"post_tag","embeddable":true,"href":"https:\/\/finn-sorensen.dk\/index.php?rest_route=%2Fwp%2Fv2%2Ftags&post=330"}],"curies":[{"name":"wp","href":"https:\/\/api.w.org\/{rel}","templated":true}]}}