{"id":292,"date":"2015-02-17T17:50:13","date_gmt":"2015-02-17T16:50:13","guid":{"rendered":"https:\/\/finn-sorensen.dk\/?p=292"},"modified":"2021-10-17T13:43:22","modified_gmt":"2021-10-17T11:43:22","slug":"minister-boer-aendre-reform-af-foertidspension","status":"publish","type":"post","link":"https:\/\/finn-sorensen.dk\/?p=292","title":{"rendered":"Minister b\u00f8r \u00e6ndre reform af f\u00f8rtidspension"},"content":{"rendered":"<p>Ny rapport retter h&aring;rd kritik mod reformen af f&oslash;rtidspension og fleksjob. Enhedslisten kr&aelig;ver, at besk&aelig;ftigelsesministeren &aelig;ndrer reformen. Her er min pressemeddelelse og links til rapporten.<\/p>\n<p><!--break--><\/p>\n<p>&#8211; Iben N&oslash;rups rapport bekr&aelig;fter de mange henvendelser vi f&aring;r fra borgere og socialr&aring;dgivere. Det er en vanvittig ide, at presse syge mennesker &oslash;konomisk og arbejdsm&aelig;ssigt. Det bliver de ikke raske af, tv&aelig;rtimod. De f&aring;r endnu mindre overskud til at leve et nogenlunde almindeligt liv, og f&aring;r det ofte v&aelig;rre helbredsm&aelig;ssigt.<\/p>\n<p>&#8211; Det kan ikke nytte, at partierne bag reformen t&oslash;rrer ansvaret af p&aring; kommunerne. Ankestyrelsen har givet kommunerne medhold i, at man kan jage syge mennesker i fleksjob p&aring; 2 timer eller mindre om ugen. Det viser, at det er loven, det er galt med.<\/p>\n<p>&#8211; Nu m&aring; ministeren erkende, at reformen af f&oslash;rtidspension og fleksjob er og bliver en spare&oslash;velse, der skal finansiere skattelettelser til de velbjergede. Men prisen betales af mennesker med kroniske sygdomme og handicap. Reformen skal &aelig;ndres, s&aring; disse mennesker hj&aelig;lpes til et bedre liv.<\/p>\n<p><a href=\"http:\/\/vbn.aau.dk\/files\/207555674\/Iben_N_rup_EPUB.pdf\">Iben N&oslash;rups rapport<\/a><\/p>\n<p><a href=\"http:\/\/www.ft.dk\/samling\/20141\/almdel\/BEU\/spm\/123\/index.htm\">Finn S&oslash;rensen sp&oslash;rgsm&aring;l om ministerens kommentar til Iben N&oslash;rups rapport<\/a><\/p>\n<p><a href=\"http:\/\/finn.enhedslisten.dk\/exportnews\/Finn%20S%C3%B8rensen%20sp%C3%B8rgsm%C3%A5l%20om%20SFI-rapport\">Finn S&oslash;rensen sp&oslash;rgsm&aring;l om ministerens kommentar til SFI rapport<\/a><\/p>\n","protected":false},"excerpt":{"rendered":"<p>Ny rapport retter h&aring;rd kritik mod reformen af f&oslash;rtidspension og fleksjob. Enhedslisten kr&aelig;ver, at besk&aelig;ftigelsesministeren &aelig;ndrer reformen. Her er min<\/p>\n","protected":false},"author":5,"featured_media":0,"comment_status":"closed","ping_status":"closed","sticky":false,"template":"","format":"standard","meta":{"footnotes":""},"categories":[2],"tags":[],"class_list":["post-292","post","type-post","status-publish","format-standard","hentry","category-arkiv"],"_links":{"self":[{"href":"https:\/\/finn-sorensen.dk\/index.php?rest_route=\/wp\/v2\/posts\/292","targetHints":{"allow":["GET"]}}],"collection":[{"href":"https:\/\/finn-sorensen.dk\/index.php?rest_route=\/wp\/v2\/posts"}],"about":[{"href":"https:\/\/finn-sorensen.dk\/index.php?rest_route=\/wp\/v2\/types\/post"}],"author":[{"embeddable":true,"href":"https:\/\/finn-sorensen.dk\/index.php?rest_route=\/wp\/v2\/users\/5"}],"replies":[{"embeddable":true,"href":"https:\/\/finn-sorensen.dk\/index.php?rest_route=%2Fwp%2Fv2%2Fcomments&post=292"}],"version-history":[{"count":1,"href":"https:\/\/finn-sorensen.dk\/index.php?rest_route=\/wp\/v2\/posts\/292\/revisions"}],"predecessor-version":[{"id":293,"href":"https:\/\/finn-sorensen.dk\/index.php?rest_route=\/wp\/v2\/posts\/292\/revisions\/293"}],"wp:attachment":[{"href":"https:\/\/finn-sorensen.dk\/index.php?rest_route=%2Fwp%2Fv2%2Fmedia&parent=292"}],"wp:term":[{"taxonomy":"category","embeddable":true,"href":"https:\/\/finn-sorensen.dk\/index.php?rest_route=%2Fwp%2Fv2%2Fcategories&post=292"},{"taxonomy":"post_tag","embeddable":true,"href":"https:\/\/finn-sorensen.dk\/index.php?rest_route=%2Fwp%2Fv2%2Ftags&post=292"}],"curies":[{"name":"wp","href":"https:\/\/api.w.org\/{rel}","templated":true}]}}