{"id":126,"date":"2016-04-10T01:21:49","date_gmt":"2016-04-09T23:21:49","guid":{"rendered":"https:\/\/finn-sorensen.dk\/?p=126"},"modified":"2021-10-17T13:43:15","modified_gmt":"2021-10-17T11:43:15","slug":"minister-i-samraad-om-skandaloes-aeldrepleje","status":"publish","type":"post","link":"https:\/\/finn-sorensen.dk\/?p=126","title":{"rendered":"Minister i samr\u00e5d om skandal\u00f8s \u00e6ldrepleje"},"content":{"rendered":"<p>Berlingske Tidende fort&aelig;ller 10. april om to unders&oslash;gelser der viser, at sundhedsplejen for de svageste &aelig;ldre er under al kritik. Enhedslisten er rystet, og kalder Sundheds- og &aelig;ldreministeren i samr&aring;d, for at forklare, hvad hun vil g&oslash;re ved det.<\/p>\n<p><!--break--><\/p>\n<p>Enhedslistens &aelig;ldreordf&oslash;rer Finn S&oslash;rensen siger:<\/p>\n<p>&#8211; Unders&oslash;gelserne fra Dansk Sygeplejer&aring;d og L&aelig;geforeningen er rystende l&aelig;sning. Det er under al kritik, at vore &aelig;ldre, svagelige medborgere bliver behandlet p&aring; den m&aring;de. Det er uanst&aelig;ndigt og uv&aelig;rdigt. Jeg vil derfor have ministeren i samr&aring;d for at forklare, hvad hun vil g&oslash;re ved det. Det er godt at ministeren er opm&aelig;rksom p&aring; problemerne, og at hun i sine planer bl. a. vil tage h&oslash;jde for uddannelse af personalet, men Folketingets sundheds- og &aelig;ldreudvalg skal inddrages, og det skal v&aelig;re nu og her, s&aring; vi kan v&aelig;re sikre p&aring;, at det bliver l&oslash;sninger der virker.<\/p>\n<p>&#8211; Vi kan desv&aelig;rre konstatere, at det &#8220;n&aelig;re sundhedsv&aelig;sen&#8221; slet ikke lever op til sk&aring;ltalerne. Men det g&aring;r, som man kunne frygte. Det kan kun g&aring; galt, n&aring;r man laver en voldsom struktur&aelig;ndring, som kommunalreformen har v&aelig;ret, samtidig med at skiftende regeringer l&aelig;gger voldsomme sparekrav ned over kommunerne og presser hospitalerne til voldsomme effektiviseringer. Men uanset hvad &aring;rsagen er, s&aring; kan det ikke v&aelig;re rigtigt, at det skal g&aring; ud over nogle af de svageste medborgere. Der skal ske noget, og det skal v&aelig;re nu!<\/p>\n<p>&#8211; Enhedslisten har advaret imod denne udvikling utallige gange, og kr&aelig;vet minimumsbemandinger p&aring; aften- og nattevagter p&aring; plejehjemmene, bedre uddannelse af personalet, og fast tilknytning af det n&oslash;dvendige sundhedsfaglige personale. Det skal ogs&aring; oprustes i den kommunale sygepleje i det hele taget. Jeg h&aring;ber, at ministeren og et flertal i Folketinget p&aring; baggrund af de nye oplysninger, omsider er parat til at tage de n&oslash;dvendige skridt.<\/p>\n<p><a href=\"http:\/\/www.b.dk\/nationalt\/saa-ringe-er-sundhedshjaelpen-til-de-svageste-aeldre\">L&aelig;s Berlingskes artikel her<\/a><\/p>\n","protected":false},"excerpt":{"rendered":"<p>Berlingske Tidende fort&aelig;ller 10. april om to unders&oslash;gelser der viser, at sundhedsplejen for de svageste &aelig;ldre er under al kritik.<\/p>\n","protected":false},"author":5,"featured_media":0,"comment_status":"closed","ping_status":"closed","sticky":false,"template":"","format":"standard","meta":{"footnotes":""},"categories":[2],"tags":[],"class_list":["post-126","post","type-post","status-publish","format-standard","hentry","category-arkiv"],"_links":{"self":[{"href":"https:\/\/finn-sorensen.dk\/index.php?rest_route=\/wp\/v2\/posts\/126","targetHints":{"allow":["GET"]}}],"collection":[{"href":"https:\/\/finn-sorensen.dk\/index.php?rest_route=\/wp\/v2\/posts"}],"about":[{"href":"https:\/\/finn-sorensen.dk\/index.php?rest_route=\/wp\/v2\/types\/post"}],"author":[{"embeddable":true,"href":"https:\/\/finn-sorensen.dk\/index.php?rest_route=\/wp\/v2\/users\/5"}],"replies":[{"embeddable":true,"href":"https:\/\/finn-sorensen.dk\/index.php?rest_route=%2Fwp%2Fv2%2Fcomments&post=126"}],"version-history":[{"count":1,"href":"https:\/\/finn-sorensen.dk\/index.php?rest_route=\/wp\/v2\/posts\/126\/revisions"}],"predecessor-version":[{"id":127,"href":"https:\/\/finn-sorensen.dk\/index.php?rest_route=\/wp\/v2\/posts\/126\/revisions\/127"}],"wp:attachment":[{"href":"https:\/\/finn-sorensen.dk\/index.php?rest_route=%2Fwp%2Fv2%2Fmedia&parent=126"}],"wp:term":[{"taxonomy":"category","embeddable":true,"href":"https:\/\/finn-sorensen.dk\/index.php?rest_route=%2Fwp%2Fv2%2Fcategories&post=126"},{"taxonomy":"post_tag","embeddable":true,"href":"https:\/\/finn-sorensen.dk\/index.php?rest_route=%2Fwp%2Fv2%2Ftags&post=126"}],"curies":[{"name":"wp","href":"https:\/\/api.w.org\/{rel}","templated":true}]}}